{"id":17643,"date":"2022-05-04T15:26:53","date_gmt":"2022-05-04T14:26:53","guid":{"rendered":"https:\/\/www.astra.rs\/?p=17643"},"modified":"2022-05-04T15:26:53","modified_gmt":"2022-05-04T14:26:53","slug":"20-years-of-fighting-human-trafficking-%e2%88%92-20-years-of-fighting-for-people","status":"publish","type":"post","link":"https:\/\/test.astra.rs\/en\/20-years-of-fighting-human-trafficking-%e2%88%92-20-years-of-fighting-for-people\/","title":{"rendered":"20  YEARS  OF  FIGHTING  HUMAN  TRAFFICKING  \u2212  20  YEARS  OF FIGHTING FOR PEOPLE"},"content":{"rendered":"<p>In the middle of June, ASTRA launched a campaign 20 YEARS&nbsp; OF&nbsp; FIGHTING&nbsp; HUMAN&nbsp; TRAFFICKING&nbsp; \u2212&nbsp; 20&nbsp; YEARS&nbsp; OF FIGHTING FOR PEOPLE, intended to highlight the role and achievements of the civil sector in the prevention and suppression of trafficking in human beings, to reiterate the importance and necessity of cross-sectoral cooperation as the only real and effective approach in tackling the problem and ensuring adequate treatment of victims inside and outside the system. The campaign also pointed out to the current deficiencies in cooperation between the civil sector and the institutions, and encouraged dialogue to overcome them. The campaign was conducted as part of the project \u201cImprovement of space and opportunities for combating human trafficking\u201d, supported by the European Union, and project \u201cSolidary and united against&nbsp; trafficking in human beings\u201d supported by the German International Cooperation Agency (GIZ) under the Federal Ministry for Economic Cooperation and Development (BMZ).<\/p>\n<p><img loading=\"lazy\" class=\"alignleft wp-image-17589 size-medium\" src=\"https:\/\/www.astra.rs\/wp-content\/uploads\/2022\/05\/Astra_socijalne-mreze__instagram_pomoc-300x300.jpg\" alt=\"\" width=\"300\" height=\"300\" srcset=\"https:\/\/test.astra.rs\/wp-content\/uploads\/2022\/05\/Astra_socijalne-mreze__instagram_pomoc-300x300.jpg 300w, https:\/\/test.astra.rs\/wp-content\/uploads\/2022\/05\/Astra_socijalne-mreze__instagram_pomoc-150x150.jpg 150w, https:\/\/test.astra.rs\/wp-content\/uploads\/2022\/05\/Astra_socijalne-mreze__instagram_pomoc-80x80.jpg 80w, https:\/\/test.astra.rs\/wp-content\/uploads\/2022\/05\/Astra_socijalne-mreze__instagram_pomoc-60x60.jpg 60w, https:\/\/test.astra.rs\/wp-content\/uploads\/2022\/05\/Astra_socijalne-mreze__instagram_pomoc.jpg 500w\" sizes=\"(max-width: 300px) 100vw, 300px\" \/><\/p>\n<p>The following promotional materials were created for the campaign purposes: campaign logo; the main visual; five different sets of visuals for social networks dedicated to different segments of the NGO work in the fight against human trafficking; Documentary 20 YEARS OF FIGHTING HUMAN TRAFFICKING \u2212 20 YEARS OF FIGHTING FOR PEOPLE; seven short videos for social networks, , dedicated to different segments of the NGO work in the fight against human trafficking (find it on our <a href=\"https:\/\/www.youtube.com\/user\/AstraAntiTrafficking\/videos\" target=\"_blank\" rel=\"noopener\">YouTube kanalu<\/a>) and significant victories, and the campaign promotional material was created and printed.<\/p>\n<p><iframe loading=\"lazy\" title=\"20 YEARS OF THE FIGHTING HUMAN TRAFFICKING - 20 YEARS OF THE FIGHTING FOR PEOPLE\" width=\"500\" height=\"281\" src=\"https:\/\/www.youtube.com\/embed\/K9uQRkGqmYs?start=132&#038;feature=oembed\" frameborder=\"0\" allow=\"accelerometer; autoplay; clipboard-write; encrypted-media; gyroscope; picture-in-picture\" allowfullscreen><\/iframe><\/p>\n<p>From the beginning of October the campaign promotional activities had been implemented through ASTRA\u2019s social networks and media appearances and reports. After that, pursuant to the current Covid restrictions, four screenings were organized of the movie 20&nbsp; YEARS&nbsp; OF&nbsp; FIGHTING&nbsp; HUMAN&nbsp; TRAFFICKING&nbsp; \u2212&nbsp; 20&nbsp; YEARS&nbsp; OF FIGHTING FOR PEOPLE, dedicated to the role of the civil sector, primarily women\u2019s organizations combating human trafficking and the importance of cross-sectoral cooperation and understanding of this criminal offence as a gender-based violence by all the actors included in the process of its alleviation. There were forums and discussions following all the screenings on the same topic, attended by representatives of the institutions and civil sector at the local level.<\/p>\n<p><img loading=\"lazy\" class=\"alignleft wp-image-17610 size-medium\" src=\"https:\/\/www.astra.rs\/wp-content\/uploads\/2022\/05\/Astra_socijalne-mreze__instagram_zagovaranje-300x300.jpg\" alt=\"\" width=\"300\" height=\"300\" srcset=\"https:\/\/test.astra.rs\/wp-content\/uploads\/2022\/05\/Astra_socijalne-mreze__instagram_zagovaranje-300x300.jpg 300w, https:\/\/test.astra.rs\/wp-content\/uploads\/2022\/05\/Astra_socijalne-mreze__instagram_zagovaranje-150x150.jpg 150w, https:\/\/test.astra.rs\/wp-content\/uploads\/2022\/05\/Astra_socijalne-mreze__instagram_zagovaranje-80x80.jpg 80w, https:\/\/test.astra.rs\/wp-content\/uploads\/2022\/05\/Astra_socijalne-mreze__instagram_zagovaranje-60x60.jpg 60w, https:\/\/test.astra.rs\/wp-content\/uploads\/2022\/05\/Astra_socijalne-mreze__instagram_zagovaranje.jpg 500w\" sizes=\"(max-width: 300px) 100vw, 300px\" \/> <img loading=\"lazy\" class=\"alignright wp-image-17582 size-medium\" src=\"https:\/\/www.astra.rs\/wp-content\/uploads\/2022\/05\/Astra_socijalne-mreze__instagram_edukacija-300x300.jpg\" alt=\"\" width=\"300\" height=\"300\" srcset=\"https:\/\/test.astra.rs\/wp-content\/uploads\/2022\/05\/Astra_socijalne-mreze__instagram_edukacija-300x300.jpg 300w, https:\/\/test.astra.rs\/wp-content\/uploads\/2022\/05\/Astra_socijalne-mreze__instagram_edukacija-150x150.jpg 150w, https:\/\/test.astra.rs\/wp-content\/uploads\/2022\/05\/Astra_socijalne-mreze__instagram_edukacija-80x80.jpg 80w, https:\/\/test.astra.rs\/wp-content\/uploads\/2022\/05\/Astra_socijalne-mreze__instagram_edukacija-60x60.jpg 60w, https:\/\/test.astra.rs\/wp-content\/uploads\/2022\/05\/Astra_socijalne-mreze__instagram_edukacija.jpg 500w\" sizes=\"(max-width: 300px) 100vw, 300px\" \/><\/p>\n<p><u>Screenings held:<\/u><\/p>\n<ul>\n<li>26 November, NI\u0160, Ni\u0161 Cultural Center, 6 pm, realized in cooperation with the NGO Centre for Girls Ni\u0161;<\/li>\n<li>29 November, NOVI SAD, 5:30 pm, OPENS Youth Center, realized in cooperation with the association Freedom has no Price;<\/li>\n<li>2 December, BELGRADE, 6 pm, Belgrade Youth Center \u2013 Americana hall, organized by the NGO ASTRA;<\/li>\n<li>10 December, VRANJE, 12 pm, Bora Stankovi\u0107 Theater Hall, realized in cooperation with the Human Rights Committee Vranje.<\/li>\n<\/ul>\n<p>All the events were organized in cooperation with the local&nbsp; organizations working on prevention of human trafficking in their neighbourhoods. Due to the preventive measures to suppress the epidemic, the number of the attendees was limited to 50 persons per event. With the exception of Belgrade where the number of the participants was limited to 100.<\/p>\n<p><img loading=\"lazy\" class=\"aligncenter wp-image-17628\" src=\"https:\/\/www.astra.rs\/wp-content\/uploads\/2022\/05\/TDP07174-300x200.jpg\" alt=\"\" width=\"700\" height=\"467\" srcset=\"https:\/\/test.astra.rs\/wp-content\/uploads\/2022\/05\/TDP07174-300x200.jpg 300w, https:\/\/test.astra.rs\/wp-content\/uploads\/2022\/05\/TDP07174-1024x683.jpg 1024w, https:\/\/test.astra.rs\/wp-content\/uploads\/2022\/05\/TDP07174-768x512.jpg 768w, https:\/\/test.astra.rs\/wp-content\/uploads\/2022\/05\/TDP07174.jpg 1200w\" sizes=\"(max-width: 700px) 100vw, 700px\" \/><\/p>\n<p><img loading=\"lazy\" class=\"aligncenter wp-image-17635\" src=\"https:\/\/www.astra.rs\/wp-content\/uploads\/2022\/05\/TDP07188-300x200.jpg\" alt=\"\" width=\"700\" height=\"467\" srcset=\"https:\/\/test.astra.rs\/wp-content\/uploads\/2022\/05\/TDP07188-300x200.jpg 300w, https:\/\/test.astra.rs\/wp-content\/uploads\/2022\/05\/TDP07188-1024x683.jpg 1024w, https:\/\/test.astra.rs\/wp-content\/uploads\/2022\/05\/TDP07188-768x512.jpg 768w, https:\/\/test.astra.rs\/wp-content\/uploads\/2022\/05\/TDP07188.jpg 1200w\" sizes=\"(max-width: 700px) 100vw, 700px\" \/><\/p>\n<p style=\"text-align: center;\"><strong>Belgrade event video you can find <a href=\"https:\/\/www.youtube.com\/watch?v=SSKYwCaxHaI\" target=\"_blank\" rel=\"noopener\">HERE<\/a>!<\/strong><\/p>\n<p><span style=\"color: #99ccff;\"><strong><img loading=\"lazy\" class=\"alignleft wp-image-17596 size-medium\" src=\"https:\/\/www.astra.rs\/wp-content\/uploads\/2022\/05\/Astra_socijalne-mreze__instagram_prevencija-300x300.jpg\" alt=\"\" width=\"300\" height=\"300\" srcset=\"https:\/\/test.astra.rs\/wp-content\/uploads\/2022\/05\/Astra_socijalne-mreze__instagram_prevencija-300x300.jpg 300w, https:\/\/test.astra.rs\/wp-content\/uploads\/2022\/05\/Astra_socijalne-mreze__instagram_prevencija-150x150.jpg 150w, https:\/\/test.astra.rs\/wp-content\/uploads\/2022\/05\/Astra_socijalne-mreze__instagram_prevencija-80x80.jpg 80w, https:\/\/test.astra.rs\/wp-content\/uploads\/2022\/05\/Astra_socijalne-mreze__instagram_prevencija-60x60.jpg 60w, https:\/\/test.astra.rs\/wp-content\/uploads\/2022\/05\/Astra_socijalne-mreze__instagram_prevencija.jpg 500w\" sizes=\"(max-width: 300px) 100vw, 300px\" \/><img loading=\"lazy\" class=\"size-medium wp-image-17603 alignright\" src=\"https:\/\/www.astra.rs\/wp-content\/uploads\/2022\/05\/Astra_socijalne-mreze__instagram_sos-300x300.jpg\" alt=\"\" width=\"300\" height=\"300\" srcset=\"https:\/\/test.astra.rs\/wp-content\/uploads\/2022\/05\/Astra_socijalne-mreze__instagram_sos-300x300.jpg 300w, https:\/\/test.astra.rs\/wp-content\/uploads\/2022\/05\/Astra_socijalne-mreze__instagram_sos-150x150.jpg 150w, https:\/\/test.astra.rs\/wp-content\/uploads\/2022\/05\/Astra_socijalne-mreze__instagram_sos-80x80.jpg 80w, https:\/\/test.astra.rs\/wp-content\/uploads\/2022\/05\/Astra_socijalne-mreze__instagram_sos-60x60.jpg 60w, https:\/\/test.astra.rs\/wp-content\/uploads\/2022\/05\/Astra_socijalne-mreze__instagram_sos.jpg 500w\" sizes=\"(max-width: 300px) 100vw, 300px\" \/><\/strong><\/span><\/p>\n<p><span style=\"color: #99ccff;\"><strong>CAMPAIGN RESULTS<\/strong><\/span>: TRADITIONAL MEDIA (TV, radio, press) \u2013 ASTRA had 322 media releases with respect to the campaign and the related topics, during the implementation of the campaign. SOCIAL NETWORKS &#8211; ASTRA\u2019s Facebook, Twitter and Instagram profiles were used for the promotion of the campaign. The total reach of the posts amounted to 101,898 and 156,700 of impressions. Moreover, 85,077 impressions were recorded on Twitter, while Instagram posts reached 7,678 persons.<\/p>\n<p><span style=\"color: #99ccff;\"><strong>&nbsp;<\/strong><\/span><\/p>\n","protected":false},"excerpt":{"rendered":"<p>In the middle of June, ASTRA launched a campaign 20 YEARS&nbsp; OF&nbsp; FIGHTING&nbsp; HUMAN&nbsp; TRAFFICKING&nbsp; \u2212&nbsp; 20&nbsp; YEARS&nbsp; OF FIGHTING FOR PEOPLE, intended to highlight the role and achievements of the civil sector in the prevention and suppression of trafficking in human beings, to reiterate the importance and necessity of cross-sectoral cooperation as the only<\/p>\n","protected":false},"author":3,"featured_media":17577,"comment_status":"open","ping_status":"open","sticky":false,"template":"","format":"standard","meta":{"ngg_post_thumbnail":0},"categories":[24],"tags":[],"yoast_head":"<!-- This site is optimized with the Yoast SEO plugin v17.8 - https:\/\/yoast.com\/wordpress\/plugins\/seo\/ -->\n<title>20 YEARS OF FIGHTING HUMAN TRAFFICKING \u2212 20 YEARS OF FIGHTING FOR PEOPLE<\/title>\n<meta name=\"robots\" content=\"index, follow, max-snippet:-1, max-image-preview:large, max-video-preview:-1\" \/>\n<link rel=\"canonical\" href=\"https:\/\/test.astra.rs\/en\/20-years-of-fighting-human-trafficking-\u2212-20-years-of-fighting-for-people\/\" \/>\n<meta property=\"og:locale\" content=\"en_US\" \/>\n<meta property=\"og:type\" content=\"article\" \/>\n<meta property=\"og:title\" content=\"20 YEARS OF FIGHTING HUMAN TRAFFICKING \u2212 20 YEARS OF FIGHTING FOR PEOPLE\" \/>\n<meta property=\"og:description\" content=\"In the middle of June, ASTRA launched a campaign 20 YEARS&nbsp; OF&nbsp; FIGHTING&nbsp; HUMAN&nbsp; TRAFFICKING&nbsp; \u2212&nbsp; 20&nbsp; YEARS&nbsp; OF FIGHTING FOR PEOPLE, intended to highlight the role and achievements of the civil sector in the prevention and suppression of trafficking in human beings, to reiterate the importance and necessity of cross-sectoral cooperation as the only\" \/>\n<meta property=\"og:url\" content=\"https:\/\/test.astra.rs\/en\/20-years-of-fighting-human-trafficking-\u2212-20-years-of-fighting-for-people\/\" \/>\n<meta property=\"og:site_name\" content=\"Astra\" \/>\n<meta property=\"article:published_time\" content=\"2022-05-04T14:26:53+00:00\" \/>\n<meta property=\"og:image\" content=\"https:\/\/test.astra.rs\/wp-content\/uploads\/2022\/05\/cover-20godina-kampanja.jpg\" \/>\n\t<meta property=\"og:image:width\" content=\"700\" \/>\n\t<meta property=\"og:image:height\" content=\"394\" \/>\n<meta name=\"twitter:card\" content=\"summary\" \/>\n<meta name=\"twitter:label1\" content=\"Written by\" \/>\n\t<meta name=\"twitter:data1\" content=\"Hrist1na\" \/>\n\t<meta name=\"twitter:label2\" content=\"Est. reading time\" \/>\n\t<meta name=\"twitter:data2\" content=\"4 minutes\" \/>\n<script type=\"application\/ld+json\" class=\"yoast-schema-graph\">{\"@context\":\"https:\/\/schema.org\",\"@graph\":[{\"@type\":\"WebSite\",\"@id\":\"https:\/\/test.astra.rs\/#website\",\"url\":\"https:\/\/test.astra.rs\/\",\"name\":\"Astra\",\"description\":\"Anti trafficking action\",\"potentialAction\":[{\"@type\":\"SearchAction\",\"target\":{\"@type\":\"EntryPoint\",\"urlTemplate\":\"https:\/\/test.astra.rs\/?s={search_term_string}\"},\"query-input\":\"required name=search_term_string\"}],\"inLanguage\":\"en-US\"},{\"@type\":\"ImageObject\",\"@id\":\"https:\/\/test.astra.rs\/en\/20-years-of-fighting-human-trafficking-%e2%88%92-20-years-of-fighting-for-people\/#primaryimage\",\"inLanguage\":\"en-US\",\"url\":\"https:\/\/test.astra.rs\/wp-content\/uploads\/2022\/05\/cover-20godina-kampanja.jpg\",\"contentUrl\":\"https:\/\/test.astra.rs\/wp-content\/uploads\/2022\/05\/cover-20godina-kampanja.jpg\",\"width\":700,\"height\":394},{\"@type\":\"WebPage\",\"@id\":\"https:\/\/test.astra.rs\/en\/20-years-of-fighting-human-trafficking-%e2%88%92-20-years-of-fighting-for-people\/#webpage\",\"url\":\"https:\/\/test.astra.rs\/en\/20-years-of-fighting-human-trafficking-%e2%88%92-20-years-of-fighting-for-people\/\",\"name\":\"20 YEARS OF FIGHTING HUMAN TRAFFICKING \\u2212 20 YEARS OF FIGHTING FOR PEOPLE\",\"isPartOf\":{\"@id\":\"https:\/\/test.astra.rs\/#website\"},\"primaryImageOfPage\":{\"@id\":\"https:\/\/test.astra.rs\/en\/20-years-of-fighting-human-trafficking-%e2%88%92-20-years-of-fighting-for-people\/#primaryimage\"},\"datePublished\":\"2022-05-04T14:26:53+00:00\",\"dateModified\":\"2022-05-04T14:26:53+00:00\",\"author\":{\"@id\":\"https:\/\/test.astra.rs\/#\/schema\/person\/8d61bfc2fc586fb240e527d413a9c948\"},\"breadcrumb\":{\"@id\":\"https:\/\/test.astra.rs\/en\/20-years-of-fighting-human-trafficking-%e2%88%92-20-years-of-fighting-for-people\/#breadcrumb\"},\"inLanguage\":\"en-US\",\"potentialAction\":[{\"@type\":\"ReadAction\",\"target\":[\"https:\/\/test.astra.rs\/en\/20-years-of-fighting-human-trafficking-%e2%88%92-20-years-of-fighting-for-people\/\"]}]},{\"@type\":\"BreadcrumbList\",\"@id\":\"https:\/\/test.astra.rs\/en\/20-years-of-fighting-human-trafficking-%e2%88%92-20-years-of-fighting-for-people\/#breadcrumb\",\"itemListElement\":[{\"@type\":\"ListItem\",\"position\":1,\"name\":\"Home\",\"item\":\"https:\/\/test.astra.rs\/en\/\"},{\"@type\":\"ListItem\",\"position\":2,\"name\":\"20 YEARS OF FIGHTING HUMAN TRAFFICKING \\u2212 20 YEARS OF FIGHTING FOR PEOPLE\"}]},{\"@type\":\"Person\",\"@id\":\"https:\/\/test.astra.rs\/#\/schema\/person\/8d61bfc2fc586fb240e527d413a9c948\",\"name\":\"Hrist1na\",\"image\":{\"@type\":\"ImageObject\",\"@id\":\"https:\/\/test.astra.rs\/#personlogo\",\"inLanguage\":\"en-US\",\"url\":\"https:\/\/secure.gravatar.com\/avatar\/3d52b813886b2e9c701e3f2e12561645?s=96&d=mm&r=g\",\"contentUrl\":\"https:\/\/secure.gravatar.com\/avatar\/3d52b813886b2e9c701e3f2e12561645?s=96&d=mm&r=g\",\"caption\":\"Hrist1na\"},\"url\":\"https:\/\/test.astra.rs\/en\/author\/hrist1na\/\"}]}<\/script>\n<!-- \/ Yoast SEO plugin. -->","yoast_head_json":{"title":"20 YEARS OF FIGHTING HUMAN TRAFFICKING \u2212 20 YEARS OF FIGHTING FOR PEOPLE","robots":{"index":"index","follow":"follow","max-snippet":"max-snippet:-1","max-image-preview":"max-image-preview:large","max-video-preview":"max-video-preview:-1"},"canonical":"https:\/\/test.astra.rs\/en\/20-years-of-fighting-human-trafficking-\u2212-20-years-of-fighting-for-people\/","og_locale":"en_US","og_type":"article","og_title":"20 YEARS OF FIGHTING HUMAN TRAFFICKING \u2212 20 YEARS OF FIGHTING FOR PEOPLE","og_description":"In the middle of June, ASTRA launched a campaign 20 YEARS&nbsp; OF&nbsp; FIGHTING&nbsp; HUMAN&nbsp; TRAFFICKING&nbsp; \u2212&nbsp; 20&nbsp; YEARS&nbsp; OF FIGHTING FOR PEOPLE, intended to highlight the role and achievements of the civil sector in the prevention and suppression of trafficking in human beings, to reiterate the importance and necessity of cross-sectoral cooperation as the only","og_url":"https:\/\/test.astra.rs\/en\/20-years-of-fighting-human-trafficking-\u2212-20-years-of-fighting-for-people\/","og_site_name":"Astra","article_published_time":"2022-05-04T14:26:53+00:00","og_image":[{"width":700,"height":394,"url":"https:\/\/test.astra.rs\/wp-content\/uploads\/2022\/05\/cover-20godina-kampanja.jpg","type":"image\/jpeg"}],"twitter_card":"summary","twitter_misc":{"Written by":"Hrist1na","Est. reading time":"4 minutes"},"schema":{"@context":"https:\/\/schema.org","@graph":[{"@type":"WebSite","@id":"https:\/\/test.astra.rs\/#website","url":"https:\/\/test.astra.rs\/","name":"Astra","description":"Anti trafficking action","potentialAction":[{"@type":"SearchAction","target":{"@type":"EntryPoint","urlTemplate":"https:\/\/test.astra.rs\/?s={search_term_string}"},"query-input":"required name=search_term_string"}],"inLanguage":"en-US"},{"@type":"ImageObject","@id":"https:\/\/test.astra.rs\/en\/20-years-of-fighting-human-trafficking-%e2%88%92-20-years-of-fighting-for-people\/#primaryimage","inLanguage":"en-US","url":"https:\/\/test.astra.rs\/wp-content\/uploads\/2022\/05\/cover-20godina-kampanja.jpg","contentUrl":"https:\/\/test.astra.rs\/wp-content\/uploads\/2022\/05\/cover-20godina-kampanja.jpg","width":700,"height":394},{"@type":"WebPage","@id":"https:\/\/test.astra.rs\/en\/20-years-of-fighting-human-trafficking-%e2%88%92-20-years-of-fighting-for-people\/#webpage","url":"https:\/\/test.astra.rs\/en\/20-years-of-fighting-human-trafficking-%e2%88%92-20-years-of-fighting-for-people\/","name":"20 YEARS OF FIGHTING HUMAN TRAFFICKING \u2212 20 YEARS OF FIGHTING FOR PEOPLE","isPartOf":{"@id":"https:\/\/test.astra.rs\/#website"},"primaryImageOfPage":{"@id":"https:\/\/test.astra.rs\/en\/20-years-of-fighting-human-trafficking-%e2%88%92-20-years-of-fighting-for-people\/#primaryimage"},"datePublished":"2022-05-04T14:26:53+00:00","dateModified":"2022-05-04T14:26:53+00:00","author":{"@id":"https:\/\/test.astra.rs\/#\/schema\/person\/8d61bfc2fc586fb240e527d413a9c948"},"breadcrumb":{"@id":"https:\/\/test.astra.rs\/en\/20-years-of-fighting-human-trafficking-%e2%88%92-20-years-of-fighting-for-people\/#breadcrumb"},"inLanguage":"en-US","potentialAction":[{"@type":"ReadAction","target":["https:\/\/test.astra.rs\/en\/20-years-of-fighting-human-trafficking-%e2%88%92-20-years-of-fighting-for-people\/"]}]},{"@type":"BreadcrumbList","@id":"https:\/\/test.astra.rs\/en\/20-years-of-fighting-human-trafficking-%e2%88%92-20-years-of-fighting-for-people\/#breadcrumb","itemListElement":[{"@type":"ListItem","position":1,"name":"Home","item":"https:\/\/test.astra.rs\/en\/"},{"@type":"ListItem","position":2,"name":"20 YEARS OF FIGHTING HUMAN TRAFFICKING \u2212 20 YEARS OF FIGHTING FOR PEOPLE"}]},{"@type":"Person","@id":"https:\/\/test.astra.rs\/#\/schema\/person\/8d61bfc2fc586fb240e527d413a9c948","name":"Hrist1na","image":{"@type":"ImageObject","@id":"https:\/\/test.astra.rs\/#personlogo","inLanguage":"en-US","url":"https:\/\/secure.gravatar.com\/avatar\/3d52b813886b2e9c701e3f2e12561645?s=96&d=mm&r=g","contentUrl":"https:\/\/secure.gravatar.com\/avatar\/3d52b813886b2e9c701e3f2e12561645?s=96&d=mm&r=g","caption":"Hrist1na"},"url":"https:\/\/test.astra.rs\/en\/author\/hrist1na\/"}]}},"_links":{"self":[{"href":"https:\/\/test.astra.rs\/en\/wp-json\/wp\/v2\/posts\/17643"}],"collection":[{"href":"https:\/\/test.astra.rs\/en\/wp-json\/wp\/v2\/posts"}],"about":[{"href":"https:\/\/test.astra.rs\/en\/wp-json\/wp\/v2\/types\/post"}],"author":[{"embeddable":true,"href":"https:\/\/test.astra.rs\/en\/wp-json\/wp\/v2\/users\/3"}],"replies":[{"embeddable":true,"href":"https:\/\/test.astra.rs\/en\/wp-json\/wp\/v2\/comments?post=17643"}],"version-history":[{"count":3,"href":"https:\/\/test.astra.rs\/en\/wp-json\/wp\/v2\/posts\/17643\/revisions"}],"predecessor-version":[{"id":17646,"href":"https:\/\/test.astra.rs\/en\/wp-json\/wp\/v2\/posts\/17643\/revisions\/17646"}],"wp:featuredmedia":[{"embeddable":true,"href":"https:\/\/test.astra.rs\/en\/wp-json\/wp\/v2\/media\/17577"}],"wp:attachment":[{"href":"https:\/\/test.astra.rs\/en\/wp-json\/wp\/v2\/media?parent=17643"}],"wp:term":[{"taxonomy":"category","embeddable":true,"href":"https:\/\/test.astra.rs\/en\/wp-json\/wp\/v2\/categories?post=17643"},{"taxonomy":"post_tag","embeddable":true,"href":"https:\/\/test.astra.rs\/en\/wp-json\/wp\/v2\/tags?post=17643"}],"curies":[{"name":"wp","href":"https:\/\/api.w.org\/{rel}","templated":true}]}}